{"id":145,"date":"2000-08-13T19:53:02","date_gmt":"2000-08-13T22:53:02","guid":{"rendered":"http:\/\/www.villarruellocutor.com.ar\/?p=145"},"modified":"2014-05-05T18:44:01","modified_gmt":"2014-05-05T21:44:01","slug":"premio-santa-clara-de-asis-ano-2000-2","status":"publish","type":"post","link":"http:\/\/www.villarruellocutor.com.ar\/?p=145","title":{"rendered":"Premio Santa Clara de As\u00eds a\u00f1o 2000"},"content":{"rendered":"<p>El premio Santa Clara de As\u00eds, fue obtenido el domingo 13 de agosto del a\u00f1o 2000, \u00a0por promover el progreso social; la educaci\u00f3n; la cultura y la ciencia, \u00a0como director de FM Ra\u00edces 88.5 Mhz; (Radio Cat\u00f3lica), de la cual era director, como as\u00ed tambi\u00e9n locutor \/ productor, del programa central, por el cual fui premiado.<\/p>\n<p style=\"text-align: center;\"><a href=\"http:\/\/www.villarruellocutor.com.ar\/wp-content\/uploads\/2014\/03\/santaclara.jpg\"><img decoding=\"async\" loading=\"lazy\" class=\" wp-image-146 aligncenter\" alt=\"Premio Santa Clara de As\u00eds\" src=\"http:\/\/www.villarruellocutor.com.ar\/wp-content\/uploads\/2014\/03\/santaclara.jpg\" width=\"640\" height=\"480\" \/><\/a><\/p>\n<p style=\"text-align: left;\"><a href=\"http:\/\/www.lanacion.com.ar\/28706-entregaron-ayer-los-santa-clara-de-asis\" target=\"_blank\">Nota Diario La Naci\u00f3n<\/a>, 14 de Agosto del 2000<\/p>\n","protected":false},"excerpt":{"rendered":"<p>El premio Santa Clara de As\u00eds, fue obtenido el domingo 13 de agosto del a\u00f1o 2000, \u00a0por promover el progreso social; la educaci\u00f3n; la cultura y la ciencia, \u00a0como director <a class=\"more-link\" href=\"http:\/\/www.villarruellocutor.com.ar\/?p=145\">Continuar leyendo &rarr;<\/a><\/p>\n","protected":false},"author":2,"featured_media":0,"comment_status":"closed","ping_status":"open","sticky":false,"template":"","format":"standard","meta":[],"categories":[4],"tags":[7,8,5,9,6],"_links":{"self":[{"href":"http:\/\/www.villarruellocutor.com.ar\/index.php?rest_route=\/wp\/v2\/posts\/145"}],"collection":[{"href":"http:\/\/www.villarruellocutor.com.ar\/index.php?rest_route=\/wp\/v2\/posts"}],"about":[{"href":"http:\/\/www.villarruellocutor.com.ar\/index.php?rest_route=\/wp\/v2\/types\/post"}],"author":[{"embeddable":true,"href":"http:\/\/www.villarruellocutor.com.ar\/index.php?rest_route=\/wp\/v2\/users\/2"}],"replies":[{"embeddable":true,"href":"http:\/\/www.villarruellocutor.com.ar\/index.php?rest_route=%2Fwp%2Fv2%2Fcomments&post=145"}],"version-history":[{"count":3,"href":"http:\/\/www.villarruellocutor.com.ar\/index.php?rest_route=\/wp\/v2\/posts\/145\/revisions"}],"predecessor-version":[{"id":149,"href":"http:\/\/www.villarruellocutor.com.ar\/index.php?rest_route=\/wp\/v2\/posts\/145\/revisions\/149"}],"wp:attachment":[{"href":"http:\/\/www.villarruellocutor.com.ar\/index.php?rest_route=%2Fwp%2Fv2%2Fmedia&parent=145"}],"wp:term":[{"taxonomy":"category","embeddable":true,"href":"http:\/\/www.villarruellocutor.com.ar\/index.php?rest_route=%2Fwp%2Fv2%2Fcategories&post=145"},{"taxonomy":"post_tag","embeddable":true,"href":"http:\/\/www.villarruellocutor.com.ar\/index.php?rest_route=%2Fwp%2Fv2%2Ftags&post=145"}],"curies":[{"name":"wp","href":"https:\/\/api.w.org\/{rel}","templated":true}]}}